{"id":497622,"date":"2026-02-15T14:56:45","date_gmt":"2026-02-15T14:56:45","guid":{"rendered":"https:\/\/tentakle.com\/?p=497622"},"modified":"2026-02-15T14:56:46","modified_gmt":"2026-02-15T14:56:46","slug":"vuelta-egy-jo-espana-kaden-groves-legyozte-wout-van-aertet-igy-megnyerheti-a-14-szakaszt","status":"publish","type":"post","link":"https:\/\/tentakle.com\/?p=497622","title":{"rendered":"Vuelta egy j\u00f3 Espa\u00f1a: Kaden Groves legy\u0151zte Wout van Aertet, \u00edgy megnyerheti a 14. szakaszt"},"content":{"rendered":"<p>\u00c9vtizedek \u00f3ta az els\u0151 Vuelta-gy\u0151zelemt\u0151l a Tour de France nagy\u00e1gy\u00faj\u00e1ig vezet\u0151 \u00fat egy nagyon kitaposott \u00f6sv\u00e9ny volt. \u201eAmikor elkezdtem, nagyon egyenletesnek \u00e9reztem magam. Ez megism\u00e9tl\u0151d\u00f6tt a h\u00e1romhetes versenyen, ahov\u00e1 megyek, \u00e9s hajlamos vagyok jobb lenni. Teh\u00e1t a teljes\u00edtm\u00e9nyem tekintet\u00e9ben a Giro \u00e9s a Vuelta is odaf\u00e9r hozz\u00e1, csak azt akarom, hogy ezek illeszkedjenek a nagy koncertk\u00f6r\u00fathoz.\u201d \u201eA Vuelt\u00e1n m\u00e9g mindig a top 10-es list\u00e1m alatt voltam, mert a 9. <!--more--> szakaszon Granad\u00e1ba vittem, \u00e9s biztosan magamra haltam, amikor be\u00e9rtem a top 10-be.\u201d Ezut\u00e1n ugyanaz a nem k\u00edv\u00e1nt tri\u00e1zs j\u00f6tt: a fagy\u00e1st\u00f3l a sebekig, \u00e9s a 2023-as Vuelta a Espa\u00f1a els\u0151 het\u00e9ben, a 2024-es Egyes\u00fclt Arab Em\u00edrs\u00e9gekbeli koncertk\u00f6r\u00fat 2. szakasz\u00e1n, de visszat\u00e9rtem a Giro d&#39;Itali\u00e1j\u00e1nak szakaszaihoz.<\/p>\n<h2 id=\"toc-0\">K\u00f6vetkez\u0151 | H\u00edrn\u00e9v<\/h2>\n<p>Kedvezm\u00e9nyes jegyek kaphat\u00f3k az \u00faj, igazi standokra, ahol 50 eur\u00f3ba ker\u00fcl egy h\u00e9tv\u00e9ge, \u00e9s 60 eur\u00f3ba ker\u00fcl a h\u00e9tv\u00e9g\u00e9d. Id\u00e9n a csapat ism\u00e9t vonattal utazik, hogy motorosokat hozzon az \u00faj Benelux \u00e1llamokb\u00f3l Giron\u00e1ba, Katal\u00f3ni\u00e1ba, hogy egy k\u00f6zel k\u00e9t hetes edz\u0151t\u00e1borban vegyen r\u00e9szt. Az \u00faj Western WorldTour csapat 46 perccel elt\u00f6rte Jayco AlUla d\u00e1tum\u00e1t, \u00e9s ide\u00e1lisnak t\u0171nt az \u00faj szakaszgy\u0151zelemhez, de m\u00e9g t\u00f6bb k\u00f6z\u00f6ss\u00e9get kellett volna kiiktatni, k\u00f6zt\u00fck az UAE Group Emirates-XRG-t \u00e9s a Reddish Bull-BORA-hansgroh\u00e9t. A baloldali szervezetek nem tudt\u00e1k k\u00f6zel\u00edteni a Lidl-Trek kies\u00e9s\u00e9hez. Az INEOS Grenadiers 51 perccel, az UAE Emirates-XRG 50 perccel maradt el a lemarad\u00e1st\u00f3l.<\/p>\n<h2 id=\"toc-1\">Vuelta egy kiv\u00e1l\u00f3 Espa\u00f1a 2024: \u00e1llom\u00e1s, oldalak, vide\u00f3k<\/h2>\n<p>\u201eEgy olyan szak\u00e9rt\u0151i csapatot biztos\u00edtani, amely seg\u00edt egy edz\u0151t\u00e1borban az oktat\u00f3program seg\u00edts\u00e9g\u00e9vel, innovat\u00edv, kalandv\u00e1gy\u00f3 \u00e9s b\u00e1tors\u00e1got sug\u00e1roz. Az Eurail BV-t\u0151l, az \u00faj Eurail \u00e9s Interrail jegyek m\u00f6g\u00f6tt \u00e1ll\u00f3 szervezett\u0151l \u00f6r\u00f6mmel seg\u00edtett\u00fcnk az Overcome projektj\u00e9ben. Az \u00faj vonat egy meg\u00fajul\u00f3 utat k\u00edn\u00e1l Eur\u00f3p\u00e1ba utaz\u00e1shoz \u00e9s eml\u00e9kezetes eml\u00e9kek megszerz\u00e9s\u00e9hez, mint p\u00e9ld\u00e1ul az Overcome el\u0151nyeit ny\u00fajt\u00f3 edz\u0151t\u00e1bor\u201d \u2013 mondta Dennis Rijntjes az Eurailr\u0151l. \u201eA tavalyi edz\u0151t\u00e1borunk ut\u00e1n, az \u00faj vonattal az \u00faj Ausztri\u00e1b\u00f3l indul\u00f3 utaz\u00e1sunk ut\u00e1n, orvosi d\u00f6nt\u00e9s volt sz\u00e1momra, hogy id\u00e9n ism\u00e9t Spanyolorsz\u00e1gba utazzak az oktat\u00f3program seg\u00edts\u00e9g\u00e9vel. Val\u00f3sz\u00edn\u0171nek t\u0171nik, hogy a Jayco AlUla WorldTour csoporttal fog csatlakozni, m\u00edg az Axel Merckx \u00e1ltal vezetett Hagens Berman Jayco csapat hivatalosan is a Jayco AlUla fejleszt\u0151 csapata lesz id\u00e9n.\u201d<\/p>\n<h2 id=\"toc-2\">Egy j\u00f3 domin\u00f3hat\u00e1s<\/h2>\n<p>A n\u0151i versenyben nyolc gyorsabb k\u00f6z\u00f6ss\u00e9g kapott megh\u00edv\u00e1st a Gent- <a href=\"https:\/\/fogadas-sport.com\/fogadasi-oldalak\/\">k\u00f6vetkez\u0151<\/a> Wevelgem versenyre. T\u00f6bbek k\u00f6z\u00f6tt az EF Education-Oatly, a VolkerWessels \u00e9s a Lotto Girls is a tavaszi szezon viadal\u00e1nak elej\u00e9n indul, a n\u0151i WorldTeams csapat\u00e1val egy\u00fctt. \u201eNagyszer\u0171 csapatunk van Om\u00e1n megh\u00f3d\u00edt\u00e1s\u00e1ra, bemutatva h\u00e1rom \u00faj tagot \u2013 Ethant, Gianmarc\u00f3t \u00e9s Valentint \u2013, \u00e9s nem v\u00e1rjuk meg, hogy l\u00e1ssuk a szerepl\u00e9s\u00e9t.\u201d<\/p>\n<p><img decoding=\"async\" src=\"https:\/\/1x41wi4ekjc71rf2x7zbpt6azg-wpengine.netdna-ssl.com\/wp-content\/uploads\/2019\/07\/fanduel-sportsbook-pa.jpg\" alt=\"k\u00f6vetkez\u0151\" style=\"padding: 10px;\" align=\"right\" border=\"1\"><\/p>\n<p>Bizonyos esetekben \u2013 mondja \u2013 a m\u00e1sodik helyre val\u00f3 hossz\u00fa t\u00e1v\u00fa identit\u00e1snak nagyobb jelent\u0151s\u00e9ge van, mivel ez azt jelentette, hogy sikeresen teljes\u00edtette azt a szuperneh\u00e9z lejt\u0151s szakaszt, amely a list\u00e1jukon szerepelt. Az \u00faj 2024-es Vuelta Dunbart a nagy mez\u0151nybe juttatta, \u00e9s nagyszer\u0171 elismer\u00e9st jelentett sz\u00e1m\u00e1ra, hogy seg\u00edtsen neki a sok balek ut\u00e1n. Olyannyira, hogy egy olyan pontra jutott, amikor m\u00e9g k\u00e9telkedett abban, hogy k\u00e9pes-e a profi ker\u00e9kp\u00e1roz\u00e1sban v\u00e9gigmenni. A k\u00e9rd\u00e9s, hogy mit tud maga Dunbar a ker\u00e9kp\u00e1roz\u00e1s legjobb \u00e9lm\u00e9ny\u00e9ben ny\u00fajtani, szint\u00e9n a radarunk el\u0151tt van, mivel 2024 m\u00e1sodik fele nagy el\u0151rel\u00e9p\u00e9st jelent az \u00e9szak-corki p\u00e1ly\u00e1n. A 2024-es Vuelta a Great Espa\u00f1a leg\u00fajabb, 14. szakasza a Villafranca del Bierz\u00f3n \u00e9s a Villablin\u00f3n kereszt\u00fcl vezet, a teljes szakaszhossz 200,4 km. A hossz\u00fa emelked\u0151n az id\u0151 alapemelked\u00e9s\u00e9hez vezet\u0151 \u00faton az \u00faj forgalom t\u00f6bb mint k\u00e9tszeres\u00e9re ugrott a mez\u0151nyh\u00f6z k\u00e9pest, m\u00e9g ha a Visma-Rent A ciklus d\u00edjakat is behozna, az el\u0151ny nem lenne sokkal nagyobb.<\/p>\n<p>A c\u00e9lunk a gy\u0151zelem megszerz\u00e9se, van r\u00e1 es\u00e9ly\u00fcnk, sz\u00f3val nagyon magabiztosak vagyunk. Megkapt\u00e1k Van Aert sz\u00e1ml\u00e1j\u00e1t, de a vil\u00e1gbajnoks\u00e1g arany\u00e9rmese azt sem tudta, hogy m\u00e1r elrontotta. Az El Diario Monta\u00f1es szerint az \u00faj Guardia Civil szerd\u00e1n kereste Freir\u00e9t, akit utolj\u00e1ra p\u00e9nteken l\u00e1ttak. A kutat\u00e1s kimutatta, hogy a kor\u00e1bbi elit nem vitte mag\u00e1val a borraval\u00f3j\u00e1t, t\u00e1sk\u00e1j\u00e1t, k\u00e9zzel k\u00e9sz\u00edtett k\u00e9peslapjait vagy m\u00e1s fontos dokumentumait, amikor csal\u00e1dj\u00e1t a kant\u00e1briai Torrelaveg\u00e1ban hagyta.<\/p>\n<h2 id=\"toc-5\">Etoile de Besseges: Paul Magnier futamgy\u0151zelmet szerzett az 1. szakaszban<\/h2>\n<p>Az \u00faj szakasz eredeti fel\u00e9t sok id\u0151 fogja jellemezni, fokozatosan emelkedve a harmadkateg\u00f3ri\u00e1s emelked\u0151n Puerto de Cerred\u00f3t\u00f3l kezdve, miel\u0151tt letekern\u00e9nk az \u00faj ter\u00fcletre. A nap neh\u00e9zs\u00e9gi fok\u00e1t k\u00e9pez\u0151, eredeti kateg\u00f3ri\u00e1j\u00fa Puerto de Leitariegos (22,8 km a 0,5%-os cs\u00facsn\u00e1l) egy 15 km-es lejt\u0151vel z\u00e1rul. A Vuelta an excellent Espa\u00f1a 15. szakasza \u00fajabb gyors \u00f6sszecsap\u00e1st hozott, ahol Kaden Groves (Alpecin-Deceuninck) \u00e9s Wout van Aert (Visma-Lease A ker\u00e9kp\u00e1r) gy\u0151z\u00f6tt, amivel a Villablino-ban kell v\u00e9gigcs\u00edpni a versenyz\u0151ket.<\/p>\n","protected":false},"excerpt":{"rendered":"<p>\u00c9vtizedek \u00f3ta az els\u0151 Vuelta-gy\u0151zelemt\u0151l a Tour de France nagy\u00e1gy\u00faj\u00e1ig vezet\u0151 \u00fat egy nagyon kitaposott \u00f6sv\u00e9ny volt. \u201eAmikor elkezdtem, nagyon egyenletesnek \u00e9reztem magam. Ez megism\u00e9tl\u0151d\u00f6tt a h\u00e1romhetes versenyen, ahov\u00e1 megyek, \u00e9s hajlamos vagyok jobb lenni. Teh\u00e1t a teljes\u00edtm\u00e9nyem tekintet\u00e9ben a Giro \u00e9s a Vuelta is odaf\u00e9r hozz\u00e1, csak azt akarom, hogy ezek illeszkedjenek a nagy [&hellip;]<\/p>\n","protected":false},"author":2,"featured_media":0,"comment_status":"closed","ping_status":"open","sticky":false,"template":"","format":"standard","meta":{"footnotes":""},"categories":[1],"tags":[],"class_list":["post-497622","post","type-post","status-publish","format-standard","hentry","category-uncategorized"],"_links":{"self":[{"href":"https:\/\/tentakle.com\/index.php?rest_route=\/wp\/v2\/posts\/497622","targetHints":{"allow":["GET"]}}],"collection":[{"href":"https:\/\/tentakle.com\/index.php?rest_route=\/wp\/v2\/posts"}],"about":[{"href":"https:\/\/tentakle.com\/index.php?rest_route=\/wp\/v2\/types\/post"}],"author":[{"embeddable":true,"href":"https:\/\/tentakle.com\/index.php?rest_route=\/wp\/v2\/users\/2"}],"replies":[{"embeddable":true,"href":"https:\/\/tentakle.com\/index.php?rest_route=%2Fwp%2Fv2%2Fcomments&post=497622"}],"version-history":[{"count":1,"href":"https:\/\/tentakle.com\/index.php?rest_route=\/wp\/v2\/posts\/497622\/revisions"}],"predecessor-version":[{"id":497623,"href":"https:\/\/tentakle.com\/index.php?rest_route=\/wp\/v2\/posts\/497622\/revisions\/497623"}],"wp:attachment":[{"href":"https:\/\/tentakle.com\/index.php?rest_route=%2Fwp%2Fv2%2Fmedia&parent=497622"}],"wp:term":[{"taxonomy":"category","embeddable":true,"href":"https:\/\/tentakle.com\/index.php?rest_route=%2Fwp%2Fv2%2Fcategories&post=497622"},{"taxonomy":"post_tag","embeddable":true,"href":"https:\/\/tentakle.com\/index.php?rest_route=%2Fwp%2Fv2%2Ftags&post=497622"}],"curies":[{"name":"wp","href":"https:\/\/api.w.org\/{rel}","templated":true}]}}